{"id":5303,"date":"2025-12-10T17:01:36","date_gmt":"2025-12-10T16:01:36","guid":{"rendered":"https:\/\/europadonna.ch\/tavola_rosa_zurich_une_soiree_placee_sous_le_signe_du-plaisir_et_de_la_convivialite_le_5_decembre_2025\/"},"modified":"2026-03-07T09:58:53","modified_gmt":"2026-03-07T08:58:53","slug":"tavola_rosa_zurich_une_soiree_placee_sous_le_signe_du-plaisir_et_de_la_convivialite_le_5_decembre_2025","status":"publish","type":"post","link":"https:\/\/europadonna.ch\/fr\/tavola_rosa_zurich_une_soiree_placee_sous_le_signe_du-plaisir_et_de_la_convivialite_le_5_decembre_2025\/","title":{"rendered":"Tavola Rosa Zurich \u2013 Une soir\u00e9e plac\u00e9e sous le signe du plaisir et de la convivialit\u00e9 le 5 d\u00e9cembre 2025"},"content":{"rendered":"<p><strong>La f\u00eate de No\u00ebl organis\u00e9e cette ann\u00e9e par la Tavola Rosa Zurich le vendredi 5 d\u00e9cembre 2025 a \u00e9t\u00e9 un v\u00e9ritable moment fort<\/strong>: un repas raffin\u00e9, des personnes formidables, des jeux et des divertissements dans une ambiance festive.<\/p>\n<p>Les tables dress\u00e9es avec soin et la d\u00e9coration chaleureuse ont cr\u00e9\u00e9 le cadre id\u00e9al pour une soir\u00e9e riche en conversations int\u00e9ressantes et en rencontres cordiales.<\/p>\n<p>L&rsquo;offre culinaire comblait tous les d\u00e9sirs, des petites entr\u00e9es aux d\u00e9licieux plats principaux en passant par les desserts all\u00e9chants.<\/p>\n<p>Ensemble, nous avons non seulement bien mang\u00e9, mais aussi bien ri, partag\u00e9 des souvenirs et m\u00eame \u00e9chang\u00e9 des exp\u00e9riences avec trois nouvelles femmes.<\/p>\n<p>Nous nous r\u00e9jouissons de chacune de nos rencontres, nous apprenons les uns des autres, nous nous \u00e9coutons, nous nous motivons mutuellement.<\/p>\n<p>Les r\u00e9unions r\u00e9guli\u00e8res de Tavola Rosa offrent \u00e9galement l&rsquo;occasion de clarifier les questions en suspens et de discuter des besoins actuels des femmes. Ces r\u00e9unions sont tr\u00e8s importantes pour nous toutes, que ce soit apr\u00e8s le diagnostic, pendant les traitements ou m\u00eame apr\u00e8s, dans le cadre du suivi.<\/p>\n<p>Un grand merci \u00e0 toutes les personnes pr\u00e9sentes, \u00e0 tous ceux qui ont rendu cette soir\u00e9e possible, en particulier Maja, qui a organis\u00e9 la f\u00eate pour nous, et Gilead, qui l&rsquo;a rendue possible financi\u00e8rement.<\/p>\n<p>Ce fut un moment de convivialit\u00e9 qui restera longtemps grav\u00e9 dans nos m\u00e9moires ! <\/p>\n<p>\t\t\t\t\t\t\t\t\t\t\t\t\t\t\t<img fetchpriority=\"high\" decoding=\"async\" width=\"768\" height=\"1024\" src=\"https:\/\/europadonna.ch\/wp-content\/uploads\/2025\/12\/Tischleindeckdich-768x1024.jpg\" alt=\"\" srcset=\"https:\/\/europadonna.ch\/wp-content\/uploads\/2025\/12\/Tischleindeckdich-768x1024.jpg 768w, https:\/\/europadonna.ch\/wp-content\/uploads\/2025\/12\/Tischleindeckdich-225x300.jpg 225w, https:\/\/europadonna.ch\/wp-content\/uploads\/2025\/12\/Tischleindeckdich-1152x1536.jpg 1152w, https:\/\/europadonna.ch\/wp-content\/uploads\/2025\/12\/Tischleindeckdich.jpg 1512w\" sizes=\"(max-width: 768px) 100vw, 768px\" \/><br \/>\n\t\t\t\t\t\t\t\t\t\t\t\t\t\t\t<img decoding=\"async\" width=\"800\" height=\"953\" src=\"https:\/\/europadonna.ch\/wp-content\/uploads\/2025\/12\/Dinner-860x1024.jpg\" alt=\"\" srcset=\"https:\/\/europadonna.ch\/wp-content\/uploads\/2025\/12\/Dinner-860x1024.jpg 860w, https:\/\/europadonna.ch\/wp-content\/uploads\/2025\/12\/Dinner-252x300.jpg 252w, https:\/\/europadonna.ch\/wp-content\/uploads\/2025\/12\/Dinner-768x914.jpg 768w, https:\/\/europadonna.ch\/wp-content\/uploads\/2025\/12\/Dinner-1290x1536.jpg 1290w, https:\/\/europadonna.ch\/wp-content\/uploads\/2025\/12\/Dinner.jpg 1453w\" sizes=\"(max-width: 800px) 100vw, 800px\" \/><br \/>\n\t\t\t\t\t\t\t\t\t\t\t\t\t\t\t<img decoding=\"async\" width=\"768\" height=\"1024\" src=\"https:\/\/europadonna.ch\/wp-content\/uploads\/2025\/12\/Programm-768x1024.jpg\" alt=\"\" srcset=\"https:\/\/europadonna.ch\/wp-content\/uploads\/2025\/12\/Programm-768x1024.jpg 768w, https:\/\/europadonna.ch\/wp-content\/uploads\/2025\/12\/Programm-225x300.jpg 225w, https:\/\/europadonna.ch\/wp-content\/uploads\/2025\/12\/Programm-1152x1536.jpg 1152w, https:\/\/europadonna.ch\/wp-content\/uploads\/2025\/12\/Programm.jpg 1512w\" sizes=\"(max-width: 768px) 100vw, 768px\" \/><br \/>\n\t\t\t\t\t\t\t\t\t\t\t\t\t\t\t<img loading=\"lazy\" decoding=\"async\" width=\"800\" height=\"956\" src=\"https:\/\/europadonna.ch\/wp-content\/uploads\/2025\/12\/Hackbraten-857x1024.jpg\" alt=\"\" srcset=\"https:\/\/europadonna.ch\/wp-content\/uploads\/2025\/12\/Hackbraten-857x1024.jpg 857w, https:\/\/europadonna.ch\/wp-content\/uploads\/2025\/12\/Hackbraten-251x300.jpg 251w, https:\/\/europadonna.ch\/wp-content\/uploads\/2025\/12\/Hackbraten-768x918.jpg 768w, https:\/\/europadonna.ch\/wp-content\/uploads\/2025\/12\/Hackbraten-1285x1536.jpg 1285w, https:\/\/europadonna.ch\/wp-content\/uploads\/2025\/12\/Hackbraten.jpg 1474w\" sizes=\"(max-width: 800px) 100vw, 800px\" \/><br \/>\n\t\t\t\t\t\t\t\t\t\t\t\t\t\t\t<img loading=\"lazy\" decoding=\"async\" width=\"768\" height=\"1024\" src=\"https:\/\/europadonna.ch\/wp-content\/uploads\/2025\/12\/mjamjam-768x1024.jpg\" alt=\"\" srcset=\"https:\/\/europadonna.ch\/wp-content\/uploads\/2025\/12\/mjamjam-768x1024.jpg 768w, https:\/\/europadonna.ch\/wp-content\/uploads\/2025\/12\/mjamjam-225x300.jpg 225w, https:\/\/europadonna.ch\/wp-content\/uploads\/2025\/12\/mjamjam-1152x1536.jpg 1152w, https:\/\/europadonna.ch\/wp-content\/uploads\/2025\/12\/mjamjam.jpg 1512w\" sizes=\"(max-width: 768px) 100vw, 768px\" \/><br \/>\n\t\t\t\t\t\t\t\t\t\t\t\t\t\t\t<img decoding=\"async\" src=\"https:\/\/europadonna.ch\/wp-content\/plugins\/elementor\/assets\/images\/placeholder.png\" title=\"\" alt=\"\" loading=\"lazy\" \/><\/p>\n","protected":false},"excerpt":{"rendered":"<p>La f\u00eate de No\u00ebl organis\u00e9e cette ann\u00e9e par la Tavola Rosa Zurich le vendredi 5 d\u00e9cembre 2025 a \u00e9t\u00e9 un v\u00e9ritable moment fort : un repas raffin\u00e9, des personnes formidables, des jeux et des divertissements dans une ambiance festive. <\/p>\n","protected":false},"author":5,"featured_media":5281,"comment_status":"open","ping_status":"open","sticky":false,"template":"","format":"standard","meta":{"footnotes":""},"categories":[71,85],"tags":[],"class_list":["post-5303","post","type-post","status-publish","format-standard","has-post-thumbnail","hentry","category-news-events-fr","category-tavola-rosa"],"_links":{"self":[{"href":"https:\/\/europadonna.ch\/fr\/wp-json\/wp\/v2\/posts\/5303","targetHints":{"allow":["GET"]}}],"collection":[{"href":"https:\/\/europadonna.ch\/fr\/wp-json\/wp\/v2\/posts"}],"about":[{"href":"https:\/\/europadonna.ch\/fr\/wp-json\/wp\/v2\/types\/post"}],"author":[{"embeddable":true,"href":"https:\/\/europadonna.ch\/fr\/wp-json\/wp\/v2\/users\/5"}],"replies":[{"embeddable":true,"href":"https:\/\/europadonna.ch\/fr\/wp-json\/wp\/v2\/comments?post=5303"}],"version-history":[{"count":4,"href":"https:\/\/europadonna.ch\/fr\/wp-json\/wp\/v2\/posts\/5303\/revisions"}],"predecessor-version":[{"id":5356,"href":"https:\/\/europadonna.ch\/fr\/wp-json\/wp\/v2\/posts\/5303\/revisions\/5356"}],"wp:featuredmedia":[{"embeddable":true,"href":"https:\/\/europadonna.ch\/fr\/wp-json\/wp\/v2\/media\/5281"}],"wp:attachment":[{"href":"https:\/\/europadonna.ch\/fr\/wp-json\/wp\/v2\/media?parent=5303"}],"wp:term":[{"taxonomy":"category","embeddable":true,"href":"https:\/\/europadonna.ch\/fr\/wp-json\/wp\/v2\/categories?post=5303"},{"taxonomy":"post_tag","embeddable":true,"href":"https:\/\/europadonna.ch\/fr\/wp-json\/wp\/v2\/tags?post=5303"}],"curies":[{"name":"wp","href":"https:\/\/api.w.org\/{rel}","templated":true}]}}